{"id":1870,"date":"2019-05-28T12:18:19","date_gmt":"2019-05-28T10:18:19","guid":{"rendered":"http:\/\/www.festivisuel.com\/new\/?p=1870"},"modified":"2019-05-28T12:20:09","modified_gmt":"2019-05-28T10:20:09","slug":"battle-of-the-year-2019","status":"publish","type":"post","link":"https:\/\/www.festivisuel.com\/new\/battle-of-the-year-2019\/","title":{"rendered":"Battle Of The Year 2019"},"content":{"rendered":"<p>Le 4 mai dernier, le car r\u00e9gie a retrouv\u00e9 sa place habituelle aux abords du Z\u00e9nith de Montpellier. Notre \u00e9quipe a d\u00e9ploy\u00e9 5 cam\u00e9ras (dont une sur travelling) pour capter la mythique Battle Of The Year. Le programme a \u00e9t\u00e9 diffus\u00e9 en live sur Mouv&rsquo;.<\/p>\n<p>&nbsp;<\/p>\n<p>&nbsp;<\/p>\n<p>&nbsp;<\/p>\n<p>&nbsp;<\/p>\n<p>&nbsp;<\/p>\n<p><img fetchpriority=\"high\" decoding=\"async\" class=\"alignnone size-medium wp-image-1872\" src=\"http:\/\/www.festivisuel.com\/new\/wp-content\/uploads\/2019\/05\/Boty3-300x169.jpg\" alt=\"\" width=\"300\" height=\"169\" srcset=\"https:\/\/www.festivisuel.com\/new\/wp-content\/uploads\/2019\/05\/Boty3-300x169.jpg 300w, https:\/\/www.festivisuel.com\/new\/wp-content\/uploads\/2019\/05\/Boty3-768x432.jpg 768w, https:\/\/www.festivisuel.com\/new\/wp-content\/uploads\/2019\/05\/Boty3-1024x576.jpg 1024w, https:\/\/www.festivisuel.com\/new\/wp-content\/uploads\/2019\/05\/Boty3-280x158.jpg 280w, https:\/\/www.festivisuel.com\/new\/wp-content\/uploads\/2019\/05\/Boty3-1170x658.jpg 1170w, https:\/\/www.festivisuel.com\/new\/wp-content\/uploads\/2019\/05\/Boty3.jpg 1722w\" sizes=\"(max-width: 300px) 100vw, 300px\" \/>\u00a0<img decoding=\"async\" class=\"alignnone size-medium wp-image-1880\" src=\"http:\/\/www.festivisuel.com\/new\/wp-content\/uploads\/2019\/05\/Boty5-300x169.jpg\" alt=\"\" width=\"300\" height=\"169\" srcset=\"https:\/\/www.festivisuel.com\/new\/wp-content\/uploads\/2019\/05\/Boty5-300x169.jpg 300w, https:\/\/www.festivisuel.com\/new\/wp-content\/uploads\/2019\/05\/Boty5-768x432.jpg 768w, https:\/\/www.festivisuel.com\/new\/wp-content\/uploads\/2019\/05\/Boty5-1024x576.jpg 1024w, https:\/\/www.festivisuel.com\/new\/wp-content\/uploads\/2019\/05\/Boty5-280x158.jpg 280w, https:\/\/www.festivisuel.com\/new\/wp-content\/uploads\/2019\/05\/Boty5-1170x658.jpg 1170w, https:\/\/www.festivisuel.com\/new\/wp-content\/uploads\/2019\/05\/Boty5.jpg 1722w\" sizes=\"(max-width: 300px) 100vw, 300px\" \/><\/p>\n","protected":false},"excerpt":{"rendered":"<p>Le 4 mai dernier, le car r\u00e9gie a retrouv\u00e9 sa place habituelle aux abords du Z\u00e9nith de Montpellier. Notre \u00e9quipe a d\u00e9ploy\u00e9 5 cam\u00e9ras (dont une sur travelling) pour capter la mythique Battle Of The Year. Le programme a \u00e9t\u00e9 diffus\u00e9 en live sur Mouv&rsquo;. &nbsp; &nbsp; &nbsp; &nbsp; &nbsp; \u00a0<\/p>\n","protected":false},"author":1,"featured_media":1871,"comment_status":"closed","ping_status":"open","sticky":false,"template":"","format":"standard","meta":{"footnotes":""},"categories":[19],"tags":[],"class_list":["post-1870","post","type-post","status-publish","format-standard","has-post-thumbnail","hentry","category-actualites"],"aioseo_notices":[],"_links":{"self":[{"href":"https:\/\/www.festivisuel.com\/new\/wp-json\/wp\/v2\/posts\/1870","targetHints":{"allow":["GET"]}}],"collection":[{"href":"https:\/\/www.festivisuel.com\/new\/wp-json\/wp\/v2\/posts"}],"about":[{"href":"https:\/\/www.festivisuel.com\/new\/wp-json\/wp\/v2\/types\/post"}],"author":[{"embeddable":true,"href":"https:\/\/www.festivisuel.com\/new\/wp-json\/wp\/v2\/users\/1"}],"replies":[{"embeddable":true,"href":"https:\/\/www.festivisuel.com\/new\/wp-json\/wp\/v2\/comments?post=1870"}],"version-history":[{"count":5,"href":"https:\/\/www.festivisuel.com\/new\/wp-json\/wp\/v2\/posts\/1870\/revisions"}],"predecessor-version":[{"id":1879,"href":"https:\/\/www.festivisuel.com\/new\/wp-json\/wp\/v2\/posts\/1870\/revisions\/1879"}],"wp:featuredmedia":[{"embeddable":true,"href":"https:\/\/www.festivisuel.com\/new\/wp-json\/wp\/v2\/media\/1871"}],"wp:attachment":[{"href":"https:\/\/www.festivisuel.com\/new\/wp-json\/wp\/v2\/media?parent=1870"}],"wp:term":[{"taxonomy":"category","embeddable":true,"href":"https:\/\/www.festivisuel.com\/new\/wp-json\/wp\/v2\/categories?post=1870"},{"taxonomy":"post_tag","embeddable":true,"href":"https:\/\/www.festivisuel.com\/new\/wp-json\/wp\/v2\/tags?post=1870"}],"curies":[{"name":"wp","href":"https:\/\/api.w.org\/{rel}","templated":true}]}}