{"id":1849,"date":"2019-03-14T11:41:28","date_gmt":"2019-03-14T10:41:28","guid":{"rendered":"http:\/\/www.festivisuel.com\/new\/?p=1849"},"modified":"2019-03-28T11:48:23","modified_gmt":"2019-03-28T10:48:23","slug":"basket-eurocup-women-1-4","status":"publish","type":"post","link":"https:\/\/www.festivisuel.com\/new\/basket-eurocup-women-1-4\/","title":{"rendered":"Basket Eurocup Women 1\/4"},"content":{"rendered":"<p>Nouveau rendez-vous avec les Gazelles (BLMA) le 13 mars 2019 pour les quarts de finale de l&rsquo;Eurocup Women face \u00e0 l&rsquo;\u00e9quipe de Charleville-M\u00e9zi\u00e8re.<br \/>\nComme pour les huiti\u00e8mes de finale, la r\u00e9gie se composait de 3 cam\u00e9ras URSA, d\u2019une solution d\u2019habillage graphique complet (scores, \u00e9quipes, chrono chart\u00e9 FIBA), ralentis, poste vision, interphonie num\u00e9rique et poste commentateurs.<br \/>\nLe programme a \u00e9t\u00e9 diffus\u00e9 en direct sur les 4 antennes de\u00a0<strong>Vi\u00e0Occitanie<\/strong>.<\/p>\n","protected":false},"excerpt":{"rendered":"<p>Nouveau rendez-vous avec les Gazelles (BLMA) le 13 mars 2019 pour les quarts de finale de l&rsquo;Eurocup Women face \u00e0 l&rsquo;\u00e9quipe de Charleville-M\u00e9zi\u00e8re. Comme pour les huiti\u00e8mes de finale, la r\u00e9gie se composait de 3 cam\u00e9ras URSA, d\u2019une solution d\u2019habillage graphique complet (scores, \u00e9quipes, chrono chart\u00e9 FIBA), ralentis, poste vision, interphonie num\u00e9rique et poste commentateurs.<\/p>\n","protected":false},"author":1,"featured_media":1850,"comment_status":"closed","ping_status":"open","sticky":false,"template":"","format":"standard","meta":{"footnotes":""},"categories":[19],"tags":[],"class_list":["post-1849","post","type-post","status-publish","format-standard","has-post-thumbnail","hentry","category-actualites"],"aioseo_notices":[],"_links":{"self":[{"href":"https:\/\/www.festivisuel.com\/new\/wp-json\/wp\/v2\/posts\/1849","targetHints":{"allow":["GET"]}}],"collection":[{"href":"https:\/\/www.festivisuel.com\/new\/wp-json\/wp\/v2\/posts"}],"about":[{"href":"https:\/\/www.festivisuel.com\/new\/wp-json\/wp\/v2\/types\/post"}],"author":[{"embeddable":true,"href":"https:\/\/www.festivisuel.com\/new\/wp-json\/wp\/v2\/users\/1"}],"replies":[{"embeddable":true,"href":"https:\/\/www.festivisuel.com\/new\/wp-json\/wp\/v2\/comments?post=1849"}],"version-history":[{"count":2,"href":"https:\/\/www.festivisuel.com\/new\/wp-json\/wp\/v2\/posts\/1849\/revisions"}],"predecessor-version":[{"id":1852,"href":"https:\/\/www.festivisuel.com\/new\/wp-json\/wp\/v2\/posts\/1849\/revisions\/1852"}],"wp:featuredmedia":[{"embeddable":true,"href":"https:\/\/www.festivisuel.com\/new\/wp-json\/wp\/v2\/media\/1850"}],"wp:attachment":[{"href":"https:\/\/www.festivisuel.com\/new\/wp-json\/wp\/v2\/media?parent=1849"}],"wp:term":[{"taxonomy":"category","embeddable":true,"href":"https:\/\/www.festivisuel.com\/new\/wp-json\/wp\/v2\/categories?post=1849"},{"taxonomy":"post_tag","embeddable":true,"href":"https:\/\/www.festivisuel.com\/new\/wp-json\/wp\/v2\/tags?post=1849"}],"curies":[{"name":"wp","href":"https:\/\/api.w.org\/{rel}","templated":true}]}}