{"id":1819,"date":"2019-03-11T16:08:32","date_gmt":"2019-03-11T15:08:32","guid":{"rendered":"http:\/\/www.festivisuel.com\/new\/?p=1819"},"modified":"2019-03-25T20:24:38","modified_gmt":"2019-03-25T19:24:38","slug":"forest-trail-2","status":"publish","type":"post","link":"https:\/\/www.festivisuel.com\/new\/forest-trail-2\/","title":{"rendered":"Forest Trail 9e \u00e9dition"},"content":{"rendered":"<p>Pr\u00e9sents d\u00e8s la premi\u00e8re heure et fid\u00e8les au poste depuis les origines de cet \u00e9v\u00e9nement devenu mythique dans le milieu du trail, nous sommes all\u00e9s rendre compte de la 9e \u00e9dition du Forest Trail 31, un samedi soir de f\u00e9vrier.<br \/>\nMalgr\u00e9 des conditions \u00ab\u00a0dantesques\u00a0\u00bb &#8211; tournage nocturne par de fra\u00eeches temp\u00e9ratures, au milieu d&rsquo;une for\u00eat aquatique et boueuse&#8230; &#8211; nous nous sommes infiltr\u00e9s au coeur de cette course qui r\u00e9serve chaque ann\u00e9e son lot de myst\u00e8res&#8230;<br \/>\nMicro-trottoirs, ralentis, animations, et un Gylfie (hibou mascotte) au meilleur de sa forme, nous avons rassembl\u00e9 toutes nos \u00e9nergies pour retranscrire la singularit\u00e9 de cette \u00e9dition.<br \/>\nAlors ces traileurs et traileuses, ont-ils succomb\u00e9 \u00e0 la tentation ?<br \/>\nEn tous cas, les conditions ad\u00e9quates \u00e9taient r\u00e9unies&#8230;<\/p>\n<p><strong><span style=\"color: #333399;\"><a style=\"color: #333399;\" href=\"https:\/\/vimeo.com\/322792411\" target=\"_blank\" rel=\"noopener\">&gt; Voir la vid\u00e9o !<\/a><\/span><\/strong><\/p>\n<p>&nbsp;<\/p>\n<p><img fetchpriority=\"high\" decoding=\"async\" class=\"alignnone size-medium wp-image-1821\" src=\"http:\/\/www.festivisuel.com\/new\/wp-content\/uploads\/2019\/03\/Capture-d\u2019e\u0301cran-2019-03-11-a\u0300-15.47.48-300x169.png\" alt=\"\" width=\"300\" height=\"169\" srcset=\"https:\/\/www.festivisuel.com\/new\/wp-content\/uploads\/2019\/03\/Capture-d\u2019e\u0301cran-2019-03-11-a\u0300-15.47.48-300x169.png 300w, https:\/\/www.festivisuel.com\/new\/wp-content\/uploads\/2019\/03\/Capture-d\u2019e\u0301cran-2019-03-11-a\u0300-15.47.48-768x432.png 768w, https:\/\/www.festivisuel.com\/new\/wp-content\/uploads\/2019\/03\/Capture-d\u2019e\u0301cran-2019-03-11-a\u0300-15.47.48-1024x576.png 1024w, https:\/\/www.festivisuel.com\/new\/wp-content\/uploads\/2019\/03\/Capture-d\u2019e\u0301cran-2019-03-11-a\u0300-15.47.48-280x157.png 280w, https:\/\/www.festivisuel.com\/new\/wp-content\/uploads\/2019\/03\/Capture-d\u2019e\u0301cran-2019-03-11-a\u0300-15.47.48-1170x658.png 1170w, https:\/\/www.festivisuel.com\/new\/wp-content\/uploads\/2019\/03\/Capture-d\u2019e\u0301cran-2019-03-11-a\u0300-15.47.48.png 1679w\" sizes=\"(max-width: 300px) 100vw, 300px\" \/> <img decoding=\"async\" class=\"alignnone size-medium wp-image-1822\" src=\"http:\/\/www.festivisuel.com\/new\/wp-content\/uploads\/2019\/03\/Capture-d\u2019e\u0301cran-2019-03-11-a\u0300-15.46.00-300x169.png\" alt=\"\" width=\"300\" height=\"169\" srcset=\"https:\/\/www.festivisuel.com\/new\/wp-content\/uploads\/2019\/03\/Capture-d\u2019e\u0301cran-2019-03-11-a\u0300-15.46.00-300x169.png 300w, https:\/\/www.festivisuel.com\/new\/wp-content\/uploads\/2019\/03\/Capture-d\u2019e\u0301cran-2019-03-11-a\u0300-15.46.00-768x432.png 768w, https:\/\/www.festivisuel.com\/new\/wp-content\/uploads\/2019\/03\/Capture-d\u2019e\u0301cran-2019-03-11-a\u0300-15.46.00-1024x576.png 1024w, https:\/\/www.festivisuel.com\/new\/wp-content\/uploads\/2019\/03\/Capture-d\u2019e\u0301cran-2019-03-11-a\u0300-15.46.00-280x158.png 280w, https:\/\/www.festivisuel.com\/new\/wp-content\/uploads\/2019\/03\/Capture-d\u2019e\u0301cran-2019-03-11-a\u0300-15.46.00-1170x659.png 1170w, https:\/\/www.festivisuel.com\/new\/wp-content\/uploads\/2019\/03\/Capture-d\u2019e\u0301cran-2019-03-11-a\u0300-15.46.00.png 1679w\" sizes=\"(max-width: 300px) 100vw, 300px\" \/><\/p>\n<p><img decoding=\"async\" class=\"alignnone size-medium wp-image-1823\" src=\"http:\/\/www.festivisuel.com\/new\/wp-content\/uploads\/2019\/03\/Capture-d\u2019e\u0301cran-2019-03-11-a\u0300-15.45.37-300x169.png\" alt=\"\" width=\"300\" height=\"169\" srcset=\"https:\/\/www.festivisuel.com\/new\/wp-content\/uploads\/2019\/03\/Capture-d\u2019e\u0301cran-2019-03-11-a\u0300-15.45.37-300x169.png 300w, https:\/\/www.festivisuel.com\/new\/wp-content\/uploads\/2019\/03\/Capture-d\u2019e\u0301cran-2019-03-11-a\u0300-15.45.37-768x432.png 768w, https:\/\/www.festivisuel.com\/new\/wp-content\/uploads\/2019\/03\/Capture-d\u2019e\u0301cran-2019-03-11-a\u0300-15.45.37-1024x575.png 1024w, https:\/\/www.festivisuel.com\/new\/wp-content\/uploads\/2019\/03\/Capture-d\u2019e\u0301cran-2019-03-11-a\u0300-15.45.37-280x157.png 280w, https:\/\/www.festivisuel.com\/new\/wp-content\/uploads\/2019\/03\/Capture-d\u2019e\u0301cran-2019-03-11-a\u0300-15.45.37-1170x658.png 1170w, https:\/\/www.festivisuel.com\/new\/wp-content\/uploads\/2019\/03\/Capture-d\u2019e\u0301cran-2019-03-11-a\u0300-15.45.37.png 1678w\" sizes=\"(max-width: 300px) 100vw, 300px\" \/> <img loading=\"lazy\" decoding=\"async\" class=\"alignnone size-medium wp-image-1824\" src=\"http:\/\/www.festivisuel.com\/new\/wp-content\/uploads\/2019\/03\/Capture-d\u2019e\u0301cran-2019-03-11-a\u0300-15.44.49-300x168.png\" alt=\"\" width=\"300\" height=\"168\" srcset=\"https:\/\/www.festivisuel.com\/new\/wp-content\/uploads\/2019\/03\/Capture-d\u2019e\u0301cran-2019-03-11-a\u0300-15.44.49-300x168.png 300w, https:\/\/www.festivisuel.com\/new\/wp-content\/uploads\/2019\/03\/Capture-d\u2019e\u0301cran-2019-03-11-a\u0300-15.44.49-768x431.png 768w, https:\/\/www.festivisuel.com\/new\/wp-content\/uploads\/2019\/03\/Capture-d\u2019e\u0301cran-2019-03-11-a\u0300-15.44.49-1024x574.png 1024w, https:\/\/www.festivisuel.com\/new\/wp-content\/uploads\/2019\/03\/Capture-d\u2019e\u0301cran-2019-03-11-a\u0300-15.44.49-280x157.png 280w, https:\/\/www.festivisuel.com\/new\/wp-content\/uploads\/2019\/03\/Capture-d\u2019e\u0301cran-2019-03-11-a\u0300-15.44.49-1170x656.png 1170w, https:\/\/www.festivisuel.com\/new\/wp-content\/uploads\/2019\/03\/Capture-d\u2019e\u0301cran-2019-03-11-a\u0300-15.44.49.png 1678w\" sizes=\"(max-width: 300px) 100vw, 300px\" \/><\/p>\n","protected":false},"excerpt":{"rendered":"<p>Pr\u00e9sents d\u00e8s la premi\u00e8re heure et fid\u00e8les au poste depuis les origines de cet \u00e9v\u00e9nement devenu mythique dans le milieu du trail, nous sommes all\u00e9s rendre compte de la 9e \u00e9dition du Forest Trail 31, un samedi soir de f\u00e9vrier. Malgr\u00e9 des conditions \u00ab\u00a0dantesques\u00a0\u00bb &#8211; tournage nocturne par de fra\u00eeches temp\u00e9ratures, au milieu d&rsquo;une for\u00eat<\/p>\n","protected":false},"author":1,"featured_media":1820,"comment_status":"closed","ping_status":"open","sticky":false,"template":"","format":"standard","meta":{"footnotes":""},"categories":[19],"tags":[],"class_list":["post-1819","post","type-post","status-publish","format-standard","has-post-thumbnail","hentry","category-actualites"],"aioseo_notices":[],"_links":{"self":[{"href":"https:\/\/www.festivisuel.com\/new\/wp-json\/wp\/v2\/posts\/1819","targetHints":{"allow":["GET"]}}],"collection":[{"href":"https:\/\/www.festivisuel.com\/new\/wp-json\/wp\/v2\/posts"}],"about":[{"href":"https:\/\/www.festivisuel.com\/new\/wp-json\/wp\/v2\/types\/post"}],"author":[{"embeddable":true,"href":"https:\/\/www.festivisuel.com\/new\/wp-json\/wp\/v2\/users\/1"}],"replies":[{"embeddable":true,"href":"https:\/\/www.festivisuel.com\/new\/wp-json\/wp\/v2\/comments?post=1819"}],"version-history":[{"count":5,"href":"https:\/\/www.festivisuel.com\/new\/wp-json\/wp\/v2\/posts\/1819\/revisions"}],"predecessor-version":[{"id":1843,"href":"https:\/\/www.festivisuel.com\/new\/wp-json\/wp\/v2\/posts\/1819\/revisions\/1843"}],"wp:featuredmedia":[{"embeddable":true,"href":"https:\/\/www.festivisuel.com\/new\/wp-json\/wp\/v2\/media\/1820"}],"wp:attachment":[{"href":"https:\/\/www.festivisuel.com\/new\/wp-json\/wp\/v2\/media?parent=1819"}],"wp:term":[{"taxonomy":"category","embeddable":true,"href":"https:\/\/www.festivisuel.com\/new\/wp-json\/wp\/v2\/categories?post=1819"},{"taxonomy":"post_tag","embeddable":true,"href":"https:\/\/www.festivisuel.com\/new\/wp-json\/wp\/v2\/tags?post=1819"}],"curies":[{"name":"wp","href":"https:\/\/api.w.org\/{rel}","templated":true}]}}