{"id":1789,"date":"2018-12-10T16:19:57","date_gmt":"2018-12-10T15:19:57","guid":{"rendered":"http:\/\/www.festivisuel.com\/new\/?p=1789"},"modified":"2019-02-28T16:26:19","modified_gmt":"2019-02-28T15:26:19","slug":"le-bazar-de-wally","status":"publish","type":"post","link":"https:\/\/www.festivisuel.com\/new\/le-bazar-de-wally\/","title":{"rendered":"Le bazar de Wally"},"content":{"rendered":"<p>C&rsquo;est au coeur-m\u00eame de l&rsquo;Aveyron, chez lui, que nous sommes all\u00e9s filmer de le tout nouveau spectacle \u00ab\u00a0D\u00e9structur\u00e9\u00a0\u00bb de Wally, artiste iconoclaste qui entrem\u00eale chanson, humour et exp\u00e9riences plastiques !<br \/>\nNous avons r\u00e9alis\u00e9 une captation \u00e0 3 cam\u00e9ras (dont 2 URSA) pour un montage en vue d&rsquo;une bande d\u00e9mo.<\/p>\n<p>&nbsp;<\/p>\n<p>&nbsp;<\/p>\n<p>&nbsp;<\/p>\n<p>&nbsp;<\/p>\n<p>&nbsp;<\/p>\n<p><img fetchpriority=\"high\" decoding=\"async\" class=\"alignnone size-medium wp-image-1792\" src=\"http:\/\/www.festivisuel.com\/new\/wp-content\/uploads\/2019\/02\/2018-12-01-20.51.05-300x225.jpg\" alt=\"\" width=\"300\" height=\"225\" srcset=\"https:\/\/www.festivisuel.com\/new\/wp-content\/uploads\/2019\/02\/2018-12-01-20.51.05-300x225.jpg 300w, https:\/\/www.festivisuel.com\/new\/wp-content\/uploads\/2019\/02\/2018-12-01-20.51.05-768x576.jpg 768w, https:\/\/www.festivisuel.com\/new\/wp-content\/uploads\/2019\/02\/2018-12-01-20.51.05-1024x768.jpg 1024w, https:\/\/www.festivisuel.com\/new\/wp-content\/uploads\/2019\/02\/2018-12-01-20.51.05-249x187.jpg 249w, https:\/\/www.festivisuel.com\/new\/wp-content\/uploads\/2019\/02\/2018-12-01-20.51.05-1170x878.jpg 1170w\" sizes=\"(max-width: 300px) 100vw, 300px\" \/>\u00a0<img decoding=\"async\" class=\"alignnone size-medium wp-image-1791\" src=\"http:\/\/www.festivisuel.com\/new\/wp-content\/uploads\/2019\/02\/2018-12-01-22.47.13-300x225.jpg\" alt=\"\" width=\"300\" height=\"225\" srcset=\"https:\/\/www.festivisuel.com\/new\/wp-content\/uploads\/2019\/02\/2018-12-01-22.47.13-300x225.jpg 300w, https:\/\/www.festivisuel.com\/new\/wp-content\/uploads\/2019\/02\/2018-12-01-22.47.13-768x576.jpg 768w, https:\/\/www.festivisuel.com\/new\/wp-content\/uploads\/2019\/02\/2018-12-01-22.47.13-1024x768.jpg 1024w, https:\/\/www.festivisuel.com\/new\/wp-content\/uploads\/2019\/02\/2018-12-01-22.47.13-249x187.jpg 249w, https:\/\/www.festivisuel.com\/new\/wp-content\/uploads\/2019\/02\/2018-12-01-22.47.13-1170x878.jpg 1170w\" sizes=\"(max-width: 300px) 100vw, 300px\" \/><\/p>\n","protected":false},"excerpt":{"rendered":"<p>C&rsquo;est au coeur-m\u00eame de l&rsquo;Aveyron, chez lui, que nous sommes all\u00e9s filmer de le tout nouveau spectacle \u00ab\u00a0D\u00e9structur\u00e9\u00a0\u00bb de Wally, artiste iconoclaste qui entrem\u00eale chanson, humour et exp\u00e9riences plastiques ! Nous avons r\u00e9alis\u00e9 une captation \u00e0 3 cam\u00e9ras (dont 2 URSA) pour un montage en vue d&rsquo;une bande d\u00e9mo. &nbsp; &nbsp; &nbsp; &nbsp; &nbsp; \u00a0<\/p>\n","protected":false},"author":1,"featured_media":1790,"comment_status":"closed","ping_status":"open","sticky":false,"template":"","format":"standard","meta":{"footnotes":""},"categories":[19],"tags":[],"class_list":["post-1789","post","type-post","status-publish","format-standard","has-post-thumbnail","hentry","category-actualites"],"aioseo_notices":[],"_links":{"self":[{"href":"https:\/\/www.festivisuel.com\/new\/wp-json\/wp\/v2\/posts\/1789","targetHints":{"allow":["GET"]}}],"collection":[{"href":"https:\/\/www.festivisuel.com\/new\/wp-json\/wp\/v2\/posts"}],"about":[{"href":"https:\/\/www.festivisuel.com\/new\/wp-json\/wp\/v2\/types\/post"}],"author":[{"embeddable":true,"href":"https:\/\/www.festivisuel.com\/new\/wp-json\/wp\/v2\/users\/1"}],"replies":[{"embeddable":true,"href":"https:\/\/www.festivisuel.com\/new\/wp-json\/wp\/v2\/comments?post=1789"}],"version-history":[{"count":6,"href":"https:\/\/www.festivisuel.com\/new\/wp-json\/wp\/v2\/posts\/1789\/revisions"}],"predecessor-version":[{"id":1795,"href":"https:\/\/www.festivisuel.com\/new\/wp-json\/wp\/v2\/posts\/1789\/revisions\/1795"}],"wp:featuredmedia":[{"embeddable":true,"href":"https:\/\/www.festivisuel.com\/new\/wp-json\/wp\/v2\/media\/1790"}],"wp:attachment":[{"href":"https:\/\/www.festivisuel.com\/new\/wp-json\/wp\/v2\/media?parent=1789"}],"wp:term":[{"taxonomy":"category","embeddable":true,"href":"https:\/\/www.festivisuel.com\/new\/wp-json\/wp\/v2\/categories?post=1789"},{"taxonomy":"post_tag","embeddable":true,"href":"https:\/\/www.festivisuel.com\/new\/wp-json\/wp\/v2\/tags?post=1789"}],"curies":[{"name":"wp","href":"https:\/\/api.w.org\/{rel}","templated":true}]}}