{"id":1785,"date":"2018-11-30T16:14:01","date_gmt":"2018-11-30T15:14:01","guid":{"rendered":"http:\/\/www.festivisuel.com\/new\/?p=1785"},"modified":"2019-02-28T16:18:00","modified_gmt":"2019-02-28T15:18:00","slug":"festival-pyrenicimes-2","status":"publish","type":"post","link":"https:\/\/www.festivisuel.com\/new\/festival-pyrenicimes-2\/","title":{"rendered":"Festival Pyr\u00e9nicimes"},"content":{"rendered":"<p>Fin novembre s&rsquo;est d\u00e9roul\u00e9e la 10e \u00e9dition du Festival Pyr\u00e9nicimes \u00e0 Pibrac (31).<br \/>\nFestival reconnu et appr\u00e9ci\u00e9 des montagnards, il rassemble chaque ann\u00e9e pendant 4 jours cin\u00e9astes, sportifs et exposants.<br \/>\nNous avons r\u00e9alis\u00e9 la bande-annonce de l&rsquo;\u00e9v\u00e8nement et assur\u00e9 les projections des soir\u00e9es cin\u00e9-d\u00e9bats au Th\u00e9\u00e2tre Musical de Pibrac.<\/p>\n","protected":false},"excerpt":{"rendered":"<p>Fin novembre s&rsquo;est d\u00e9roul\u00e9e la 10e \u00e9dition du Festival Pyr\u00e9nicimes \u00e0 Pibrac (31). Festival reconnu et appr\u00e9ci\u00e9 des montagnards, il rassemble chaque ann\u00e9e pendant 4 jours cin\u00e9astes, sportifs et exposants. Nous avons r\u00e9alis\u00e9 la bande-annonce de l&rsquo;\u00e9v\u00e8nement et assur\u00e9 les projections des soir\u00e9es cin\u00e9-d\u00e9bats au Th\u00e9\u00e2tre Musical de Pibrac.<\/p>\n","protected":false},"author":1,"featured_media":1786,"comment_status":"closed","ping_status":"open","sticky":false,"template":"","format":"standard","meta":{"footnotes":""},"categories":[19],"tags":[],"class_list":["post-1785","post","type-post","status-publish","format-standard","has-post-thumbnail","hentry","category-actualites"],"aioseo_notices":[],"_links":{"self":[{"href":"https:\/\/www.festivisuel.com\/new\/wp-json\/wp\/v2\/posts\/1785","targetHints":{"allow":["GET"]}}],"collection":[{"href":"https:\/\/www.festivisuel.com\/new\/wp-json\/wp\/v2\/posts"}],"about":[{"href":"https:\/\/www.festivisuel.com\/new\/wp-json\/wp\/v2\/types\/post"}],"author":[{"embeddable":true,"href":"https:\/\/www.festivisuel.com\/new\/wp-json\/wp\/v2\/users\/1"}],"replies":[{"embeddable":true,"href":"https:\/\/www.festivisuel.com\/new\/wp-json\/wp\/v2\/comments?post=1785"}],"version-history":[{"count":2,"href":"https:\/\/www.festivisuel.com\/new\/wp-json\/wp\/v2\/posts\/1785\/revisions"}],"predecessor-version":[{"id":1788,"href":"https:\/\/www.festivisuel.com\/new\/wp-json\/wp\/v2\/posts\/1785\/revisions\/1788"}],"wp:featuredmedia":[{"embeddable":true,"href":"https:\/\/www.festivisuel.com\/new\/wp-json\/wp\/v2\/media\/1786"}],"wp:attachment":[{"href":"https:\/\/www.festivisuel.com\/new\/wp-json\/wp\/v2\/media?parent=1785"}],"wp:term":[{"taxonomy":"category","embeddable":true,"href":"https:\/\/www.festivisuel.com\/new\/wp-json\/wp\/v2\/categories?post=1785"},{"taxonomy":"post_tag","embeddable":true,"href":"https:\/\/www.festivisuel.com\/new\/wp-json\/wp\/v2\/tags?post=1785"}],"curies":[{"name":"wp","href":"https:\/\/api.w.org\/{rel}","templated":true}]}}