{"id":1742,"date":"2018-09-23T14:16:27","date_gmt":"2018-09-23T12:16:27","guid":{"rendered":"http:\/\/www.festivisuel.com\/new\/?p=1742"},"modified":"2018-09-23T14:27:32","modified_gmt":"2018-09-23T12:27:32","slug":"grand-raid-des-pyrenees-2","status":"publish","type":"post","link":"https:\/\/www.festivisuel.com\/new\/grand-raid-des-pyrenees-2\/","title":{"rendered":"Grand Raid des Pyr\u00e9n\u00e9es"},"content":{"rendered":"<p>Pour la seconde fois, Festivisuel a assur\u00e9 la couverture vid\u00e9o officielle du Grand Raid des Pyr\u00e9n\u00e9es. Comp\u00e9tition exigeante et r\u00e9put\u00e9e dans le monde du trail, la manifestation s&rsquo;est d\u00e9roul\u00e9e comme chaque ann\u00e9e fin ao\u00fbt autour des villages de Vielle-Aure et Saint-Lary Soulan.<br \/>\n4 cadreurs de Festivisuel \u00e9taient sur place pendant toute la dur\u00e9e de l&rsquo;\u00e9v\u00e9nement, dont un op\u00e9rateur drone.<\/p>\n<p>Les images ont fait l&rsquo;objet de 4 vid\u00e9os :<br \/>\n&#8211; un clip best-of d&rsquo;1&rsquo;30, mont\u00e9 sur place, livr\u00e9 et diffus\u00e9 juste apr\u00e8s la remise des prix<br \/>\n&#8211; un film \u00ab\u00a0coeur de course\u00a0\u00bb de 10&prime; parcourant les lieux embl\u00e9matiques et agr\u00e9ment\u00e9 d&rsquo;interviews de coureurs \/ organisateur<br \/>\n&#8211; un film \u00ab\u00a0coulisses\u00a0\u00bb de 5&prime; mettant en lumi\u00e8re l&rsquo;ambiance et le travail des 600 b\u00e9n\u00e9voles oeuvrant sur place<br \/>\n&#8211; le teaser de l&rsquo;\u00e9dition 2019 d&rsquo;une dur\u00e9e d&rsquo;1&rsquo;30<\/p>\n<p><img fetchpriority=\"high\" decoding=\"async\" class=\"alignnone size-medium wp-image-1750\" src=\"http:\/\/www.festivisuel.com\/new\/wp-content\/uploads\/2018\/09\/GRP2018_006-300x169.jpg\" alt=\"\" width=\"300\" height=\"169\" srcset=\"https:\/\/www.festivisuel.com\/new\/wp-content\/uploads\/2018\/09\/GRP2018_006-300x169.jpg 300w, https:\/\/www.festivisuel.com\/new\/wp-content\/uploads\/2018\/09\/GRP2018_006-768x432.jpg 768w, https:\/\/www.festivisuel.com\/new\/wp-content\/uploads\/2018\/09\/GRP2018_006-1024x576.jpg 1024w, https:\/\/www.festivisuel.com\/new\/wp-content\/uploads\/2018\/09\/GRP2018_006-280x158.jpg 280w, https:\/\/www.festivisuel.com\/new\/wp-content\/uploads\/2018\/09\/GRP2018_006-1170x658.jpg 1170w, https:\/\/www.festivisuel.com\/new\/wp-content\/uploads\/2018\/09\/GRP2018_006.jpg 1920w\" sizes=\"(max-width: 300px) 100vw, 300px\" \/>\u00a0<img decoding=\"async\" class=\"alignnone size-medium wp-image-1751\" src=\"http:\/\/www.festivisuel.com\/new\/wp-content\/uploads\/2018\/09\/GRP2018_008-300x169.jpg\" alt=\"\" width=\"300\" height=\"169\" srcset=\"https:\/\/www.festivisuel.com\/new\/wp-content\/uploads\/2018\/09\/GRP2018_008-300x169.jpg 300w, https:\/\/www.festivisuel.com\/new\/wp-content\/uploads\/2018\/09\/GRP2018_008-768x432.jpg 768w, https:\/\/www.festivisuel.com\/new\/wp-content\/uploads\/2018\/09\/GRP2018_008-1024x576.jpg 1024w, https:\/\/www.festivisuel.com\/new\/wp-content\/uploads\/2018\/09\/GRP2018_008-280x158.jpg 280w, https:\/\/www.festivisuel.com\/new\/wp-content\/uploads\/2018\/09\/GRP2018_008-1170x658.jpg 1170w, https:\/\/www.festivisuel.com\/new\/wp-content\/uploads\/2018\/09\/GRP2018_008.jpg 1920w\" sizes=\"(max-width: 300px) 100vw, 300px\" \/><\/p>\n<p><img decoding=\"async\" class=\"alignnone size-medium wp-image-1749\" src=\"http:\/\/www.festivisuel.com\/new\/wp-content\/uploads\/2018\/09\/GRP2018_005-300x169.jpg\" alt=\"\" width=\"300\" height=\"169\" srcset=\"https:\/\/www.festivisuel.com\/new\/wp-content\/uploads\/2018\/09\/GRP2018_005-300x169.jpg 300w, https:\/\/www.festivisuel.com\/new\/wp-content\/uploads\/2018\/09\/GRP2018_005-768x432.jpg 768w, https:\/\/www.festivisuel.com\/new\/wp-content\/uploads\/2018\/09\/GRP2018_005-1024x576.jpg 1024w, https:\/\/www.festivisuel.com\/new\/wp-content\/uploads\/2018\/09\/GRP2018_005-280x158.jpg 280w, https:\/\/www.festivisuel.com\/new\/wp-content\/uploads\/2018\/09\/GRP2018_005-1170x658.jpg 1170w, https:\/\/www.festivisuel.com\/new\/wp-content\/uploads\/2018\/09\/GRP2018_005.jpg 1920w\" sizes=\"(max-width: 300px) 100vw, 300px\" \/>\u00a0<img loading=\"lazy\" decoding=\"async\" class=\"alignnone size-medium wp-image-1748\" src=\"http:\/\/www.festivisuel.com\/new\/wp-content\/uploads\/2018\/09\/GRP2018_003-300x169.jpg\" alt=\"\" width=\"300\" height=\"169\" srcset=\"https:\/\/www.festivisuel.com\/new\/wp-content\/uploads\/2018\/09\/GRP2018_003-300x169.jpg 300w, https:\/\/www.festivisuel.com\/new\/wp-content\/uploads\/2018\/09\/GRP2018_003-768x432.jpg 768w, https:\/\/www.festivisuel.com\/new\/wp-content\/uploads\/2018\/09\/GRP2018_003-1024x576.jpg 1024w, https:\/\/www.festivisuel.com\/new\/wp-content\/uploads\/2018\/09\/GRP2018_003-280x158.jpg 280w, https:\/\/www.festivisuel.com\/new\/wp-content\/uploads\/2018\/09\/GRP2018_003-1170x658.jpg 1170w, https:\/\/www.festivisuel.com\/new\/wp-content\/uploads\/2018\/09\/GRP2018_003.jpg 1920w\" sizes=\"(max-width: 300px) 100vw, 300px\" \/><\/p>\n","protected":false},"excerpt":{"rendered":"<p>Pour la seconde fois, Festivisuel a assur\u00e9 la couverture vid\u00e9o officielle du Grand Raid des Pyr\u00e9n\u00e9es. Comp\u00e9tition exigeante et r\u00e9put\u00e9e dans le monde du trail, la manifestation s&rsquo;est d\u00e9roul\u00e9e comme chaque ann\u00e9e fin ao\u00fbt autour des villages de Vielle-Aure et Saint-Lary Soulan. 4 cadreurs de Festivisuel \u00e9taient sur place pendant toute la dur\u00e9e de l&rsquo;\u00e9v\u00e9nement,<\/p>\n","protected":false},"author":1,"featured_media":1747,"comment_status":"closed","ping_status":"open","sticky":false,"template":"","format":"standard","meta":{"footnotes":""},"categories":[19],"tags":[],"class_list":["post-1742","post","type-post","status-publish","format-standard","has-post-thumbnail","hentry","category-actualites"],"aioseo_notices":[],"_links":{"self":[{"href":"https:\/\/www.festivisuel.com\/new\/wp-json\/wp\/v2\/posts\/1742","targetHints":{"allow":["GET"]}}],"collection":[{"href":"https:\/\/www.festivisuel.com\/new\/wp-json\/wp\/v2\/posts"}],"about":[{"href":"https:\/\/www.festivisuel.com\/new\/wp-json\/wp\/v2\/types\/post"}],"author":[{"embeddable":true,"href":"https:\/\/www.festivisuel.com\/new\/wp-json\/wp\/v2\/users\/1"}],"replies":[{"embeddable":true,"href":"https:\/\/www.festivisuel.com\/new\/wp-json\/wp\/v2\/comments?post=1742"}],"version-history":[{"count":5,"href":"https:\/\/www.festivisuel.com\/new\/wp-json\/wp\/v2\/posts\/1742\/revisions"}],"predecessor-version":[{"id":1746,"href":"https:\/\/www.festivisuel.com\/new\/wp-json\/wp\/v2\/posts\/1742\/revisions\/1746"}],"wp:featuredmedia":[{"embeddable":true,"href":"https:\/\/www.festivisuel.com\/new\/wp-json\/wp\/v2\/media\/1747"}],"wp:attachment":[{"href":"https:\/\/www.festivisuel.com\/new\/wp-json\/wp\/v2\/media?parent=1742"}],"wp:term":[{"taxonomy":"category","embeddable":true,"href":"https:\/\/www.festivisuel.com\/new\/wp-json\/wp\/v2\/categories?post=1742"},{"taxonomy":"post_tag","embeddable":true,"href":"https:\/\/www.festivisuel.com\/new\/wp-json\/wp\/v2\/tags?post=1742"}],"curies":[{"name":"wp","href":"https:\/\/api.w.org\/{rel}","templated":true}]}}