{"id":1676,"date":"2018-03-08T20:48:08","date_gmt":"2018-03-08T19:48:08","guid":{"rendered":"http:\/\/www.festivisuel.com\/new\/?p=1676"},"modified":"2018-05-24T21:40:37","modified_gmt":"2018-05-24T19:40:37","slug":"championnat-de-france-descalade-de-bloc-2018","status":"publish","type":"post","link":"https:\/\/www.festivisuel.com\/new\/championnat-de-france-descalade-de-bloc-2018\/","title":{"rendered":"Championnat de France d&rsquo;escalade de bloc 2018"},"content":{"rendered":"<p>Le car r\u00e9gie de Festivisuel a travers\u00e9 la France enneig\u00e9e pour se rendre \u00e0 Massy, lieu du Championnat de France d&rsquo;escalade Senior ! Une belle config&rsquo; avec 6 cam\u00e9ras dont 1 HF et 2 tourelles. Le poste commentateurs a \u00e9t\u00e9 install\u00e9 au plus pr\u00e8s des blocs avec retour vid\u00e9o pour les experts, et le\u00a0plateau ITW a permis d&rsquo;accueillir les athl\u00e8tes vainqueurs pour les r\u00e9actions \u00e0 chaud avec envoi de ralentis en PIP. Scoring, habillage, g\u00e9n\u00e9riques&#8230; le tout pour un direct de qualit\u00e9.<br \/>\nC&rsquo;est ainsi que l&rsquo;int\u00e9gralit\u00e9 des demi-finales et des finales a \u00e9t\u00e9 diffus\u00e9e en\u00a0live sur Youtube et Facebook. Le double streaming a rassembl\u00e9 quelques 70 000 vues sur le week-end !<\/p>\n<p>&nbsp;<\/p>\n<p>&nbsp;<\/p>\n<p><img fetchpriority=\"high\" decoding=\"async\" class=\"alignnone size-medium wp-image-1684\" src=\"http:\/\/www.festivisuel.com\/new\/wp-content\/uploads\/2018\/05\/IMG_71991-300x225.jpg\" alt=\"\" width=\"300\" height=\"225\" srcset=\"https:\/\/www.festivisuel.com\/new\/wp-content\/uploads\/2018\/05\/IMG_71991-300x225.jpg 300w, https:\/\/www.festivisuel.com\/new\/wp-content\/uploads\/2018\/05\/IMG_71991-249x187.jpg 249w, https:\/\/www.festivisuel.com\/new\/wp-content\/uploads\/2018\/05\/IMG_71991.jpg 640w\" sizes=\"(max-width: 300px) 100vw, 300px\" \/>\u00a0<img decoding=\"async\" class=\"alignnone size-medium wp-image-1681\" src=\"http:\/\/www.festivisuel.com\/new\/wp-content\/uploads\/2018\/05\/IMG_2469-300x225.jpg\" alt=\"\" width=\"300\" height=\"225\" srcset=\"https:\/\/www.festivisuel.com\/new\/wp-content\/uploads\/2018\/05\/IMG_2469-300x225.jpg 300w, https:\/\/www.festivisuel.com\/new\/wp-content\/uploads\/2018\/05\/IMG_2469-768x576.jpg 768w, https:\/\/www.festivisuel.com\/new\/wp-content\/uploads\/2018\/05\/IMG_2469-1024x768.jpg 1024w, https:\/\/www.festivisuel.com\/new\/wp-content\/uploads\/2018\/05\/IMG_2469-249x187.jpg 249w, https:\/\/www.festivisuel.com\/new\/wp-content\/uploads\/2018\/05\/IMG_2469-1170x878.jpg 1170w\" sizes=\"(max-width: 300px) 100vw, 300px\" \/><\/p>\n<p><img decoding=\"async\" class=\"alignnone size-medium wp-image-1682\" src=\"http:\/\/www.festivisuel.com\/new\/wp-content\/uploads\/2018\/05\/IMG_2467-300x225.jpg\" alt=\"\" width=\"300\" height=\"225\" srcset=\"https:\/\/www.festivisuel.com\/new\/wp-content\/uploads\/2018\/05\/IMG_2467-300x225.jpg 300w, https:\/\/www.festivisuel.com\/new\/wp-content\/uploads\/2018\/05\/IMG_2467-768x576.jpg 768w, https:\/\/www.festivisuel.com\/new\/wp-content\/uploads\/2018\/05\/IMG_2467-1024x768.jpg 1024w, https:\/\/www.festivisuel.com\/new\/wp-content\/uploads\/2018\/05\/IMG_2467-249x187.jpg 249w, https:\/\/www.festivisuel.com\/new\/wp-content\/uploads\/2018\/05\/IMG_2467-1170x878.jpg 1170w\" sizes=\"(max-width: 300px) 100vw, 300px\" \/>\u00a0<img loading=\"lazy\" decoding=\"async\" class=\"alignnone size-medium wp-image-1680\" src=\"http:\/\/www.festivisuel.com\/new\/wp-content\/uploads\/2018\/05\/IMG_71941-300x225.jpg\" alt=\"\" width=\"300\" height=\"225\" srcset=\"https:\/\/www.festivisuel.com\/new\/wp-content\/uploads\/2018\/05\/IMG_71941-300x225.jpg 300w, https:\/\/www.festivisuel.com\/new\/wp-content\/uploads\/2018\/05\/IMG_71941-249x187.jpg 249w, https:\/\/www.festivisuel.com\/new\/wp-content\/uploads\/2018\/05\/IMG_71941.jpg 640w\" sizes=\"(max-width: 300px) 100vw, 300px\" \/><\/p>\n","protected":false},"excerpt":{"rendered":"<p>Le car r\u00e9gie de Festivisuel a travers\u00e9 la France enneig\u00e9e pour se rendre \u00e0 Massy, lieu du Championnat de France d&rsquo;escalade Senior ! Une belle config&rsquo; avec 6 cam\u00e9ras dont 1 HF et 2 tourelles. Le poste commentateurs a \u00e9t\u00e9 install\u00e9 au plus pr\u00e8s des blocs avec retour vid\u00e9o pour les experts, et le\u00a0plateau ITW<\/p>\n","protected":false},"author":1,"featured_media":1677,"comment_status":"closed","ping_status":"open","sticky":false,"template":"","format":"standard","meta":{"footnotes":""},"categories":[19],"tags":[],"class_list":["post-1676","post","type-post","status-publish","format-standard","has-post-thumbnail","hentry","category-actualites"],"aioseo_notices":[],"_links":{"self":[{"href":"https:\/\/www.festivisuel.com\/new\/wp-json\/wp\/v2\/posts\/1676","targetHints":{"allow":["GET"]}}],"collection":[{"href":"https:\/\/www.festivisuel.com\/new\/wp-json\/wp\/v2\/posts"}],"about":[{"href":"https:\/\/www.festivisuel.com\/new\/wp-json\/wp\/v2\/types\/post"}],"author":[{"embeddable":true,"href":"https:\/\/www.festivisuel.com\/new\/wp-json\/wp\/v2\/users\/1"}],"replies":[{"embeddable":true,"href":"https:\/\/www.festivisuel.com\/new\/wp-json\/wp\/v2\/comments?post=1676"}],"version-history":[{"count":3,"href":"https:\/\/www.festivisuel.com\/new\/wp-json\/wp\/v2\/posts\/1676\/revisions"}],"predecessor-version":[{"id":1687,"href":"https:\/\/www.festivisuel.com\/new\/wp-json\/wp\/v2\/posts\/1676\/revisions\/1687"}],"wp:featuredmedia":[{"embeddable":true,"href":"https:\/\/www.festivisuel.com\/new\/wp-json\/wp\/v2\/media\/1677"}],"wp:attachment":[{"href":"https:\/\/www.festivisuel.com\/new\/wp-json\/wp\/v2\/media?parent=1676"}],"wp:term":[{"taxonomy":"category","embeddable":true,"href":"https:\/\/www.festivisuel.com\/new\/wp-json\/wp\/v2\/categories?post=1676"},{"taxonomy":"post_tag","embeddable":true,"href":"https:\/\/www.festivisuel.com\/new\/wp-json\/wp\/v2\/tags?post=1676"}],"curies":[{"name":"wp","href":"https:\/\/api.w.org\/{rel}","templated":true}]}}