{"id":1543,"date":"2017-03-09T11:43:49","date_gmt":"2017-03-09T10:43:49","guid":{"rendered":"http:\/\/www.festivisuel.com\/new\/?p=1543"},"modified":"2017-03-10T11:35:46","modified_gmt":"2017-03-10T10:35:46","slug":"championnat-de-france-descalade-de-bloc-2017","status":"publish","type":"post","link":"https:\/\/www.festivisuel.com\/new\/championnat-de-france-descalade-de-bloc-2017\/","title":{"rendered":"Championnat de France d&rsquo;escalade de bloc 2017"},"content":{"rendered":"<p>Notre \u00e9quipe a travers\u00e9 la France pour assurer le streaming du Championnat de France d&rsquo;escalade de bloc Senior \u00e0 La Baconni\u00e8re (53), le week-end du 4-5 mars 2017. Une salle que nous connaissions bien puisque le Championnat de France de 2015 pour lequel nous \u00e9tions aussi mobilis\u00e9s avait eu lieu\u00a0ici-m\u00eame.<br \/>\nUne captation \u00e0 7\u00a0cam\u00e9ras a \u00e9t\u00e9 mise en place, dont une sur DJI Ronin HF pour des mouvements amples et stabilis\u00e9s, bien adapt\u00e9s au format de la discipline.<br \/>\nDes interviews r\u00e9alis\u00e9es dans un espace d\u00e9di\u00e9, \u00e9clair\u00e9 et avec retour vid\u00e9o, ont ponctu\u00e9\u00a0le live pour ne laisser aucun temps mort.<br \/>\nEnfin, des ralentis et des s\u00e9quences r\u00e9cap de la comp\u00e9tition ont \u00e9t\u00e9 propos\u00e9s pour enrichir le contenu et valoriser le spectacle dans la salle sur \u00e9cran g\u00e9ant.<\/p>\n<p>&nbsp;<\/p>\n<p>&nbsp;<\/p>\n<p><img fetchpriority=\"high\" decoding=\"async\" class=\"alignnone size-medium wp-image-1544\" src=\"http:\/\/www.festivisuel.com\/new\/wp-content\/uploads\/2017\/03\/Capture-d\u2019e\u0301cran-2017-03-09-a\u0300-10.49.20-300x169.png\" alt=\"France Bloc\" width=\"300\" height=\"169\" srcset=\"https:\/\/www.festivisuel.com\/new\/wp-content\/uploads\/2017\/03\/Capture-d\u2019e\u0301cran-2017-03-09-a\u0300-10.49.20-300x169.png 300w, https:\/\/www.festivisuel.com\/new\/wp-content\/uploads\/2017\/03\/Capture-d\u2019e\u0301cran-2017-03-09-a\u0300-10.49.20-768x432.png 768w, https:\/\/www.festivisuel.com\/new\/wp-content\/uploads\/2017\/03\/Capture-d\u2019e\u0301cran-2017-03-09-a\u0300-10.49.20-1024x576.png 1024w, https:\/\/www.festivisuel.com\/new\/wp-content\/uploads\/2017\/03\/Capture-d\u2019e\u0301cran-2017-03-09-a\u0300-10.49.20-280x158.png 280w, https:\/\/www.festivisuel.com\/new\/wp-content\/uploads\/2017\/03\/Capture-d\u2019e\u0301cran-2017-03-09-a\u0300-10.49.20-1170x658.png 1170w, https:\/\/www.festivisuel.com\/new\/wp-content\/uploads\/2017\/03\/Capture-d\u2019e\u0301cran-2017-03-09-a\u0300-10.49.20.png 1920w\" sizes=\"(max-width: 300px) 100vw, 300px\" \/>\u00a0<img decoding=\"async\" class=\"alignnone size-medium wp-image-1546\" src=\"http:\/\/www.festivisuel.com\/new\/wp-content\/uploads\/2017\/03\/Capture-d\u2019e\u0301cran-2017-03-09-a\u0300-10.51.57-300x169.png\" alt=\"Capture d\u2019e\u0301cran 2017-03-09 a\u0300 10.51.57\" width=\"300\" height=\"169\" srcset=\"https:\/\/www.festivisuel.com\/new\/wp-content\/uploads\/2017\/03\/Capture-d\u2019e\u0301cran-2017-03-09-a\u0300-10.51.57-300x169.png 300w, https:\/\/www.festivisuel.com\/new\/wp-content\/uploads\/2017\/03\/Capture-d\u2019e\u0301cran-2017-03-09-a\u0300-10.51.57-768x432.png 768w, https:\/\/www.festivisuel.com\/new\/wp-content\/uploads\/2017\/03\/Capture-d\u2019e\u0301cran-2017-03-09-a\u0300-10.51.57-1024x576.png 1024w, https:\/\/www.festivisuel.com\/new\/wp-content\/uploads\/2017\/03\/Capture-d\u2019e\u0301cran-2017-03-09-a\u0300-10.51.57-280x158.png 280w, https:\/\/www.festivisuel.com\/new\/wp-content\/uploads\/2017\/03\/Capture-d\u2019e\u0301cran-2017-03-09-a\u0300-10.51.57-1170x658.png 1170w, https:\/\/www.festivisuel.com\/new\/wp-content\/uploads\/2017\/03\/Capture-d\u2019e\u0301cran-2017-03-09-a\u0300-10.51.57.png 1920w\" sizes=\"(max-width: 300px) 100vw, 300px\" \/><\/p>\n<p><img decoding=\"async\" class=\"alignnone size-medium wp-image-1548\" src=\"http:\/\/www.festivisuel.com\/new\/wp-content\/uploads\/2017\/03\/Capture-d\u2019e\u0301cran-2017-03-09-a\u0300-11.10.41-300x169.png\" alt=\"Capture d\u2019e\u0301cran 2017-03-09 a\u0300 11.10.41\" width=\"300\" height=\"169\" srcset=\"https:\/\/www.festivisuel.com\/new\/wp-content\/uploads\/2017\/03\/Capture-d\u2019e\u0301cran-2017-03-09-a\u0300-11.10.41-300x169.png 300w, https:\/\/www.festivisuel.com\/new\/wp-content\/uploads\/2017\/03\/Capture-d\u2019e\u0301cran-2017-03-09-a\u0300-11.10.41-768x432.png 768w, https:\/\/www.festivisuel.com\/new\/wp-content\/uploads\/2017\/03\/Capture-d\u2019e\u0301cran-2017-03-09-a\u0300-11.10.41-1024x576.png 1024w, https:\/\/www.festivisuel.com\/new\/wp-content\/uploads\/2017\/03\/Capture-d\u2019e\u0301cran-2017-03-09-a\u0300-11.10.41-280x158.png 280w, https:\/\/www.festivisuel.com\/new\/wp-content\/uploads\/2017\/03\/Capture-d\u2019e\u0301cran-2017-03-09-a\u0300-11.10.41-1170x658.png 1170w, https:\/\/www.festivisuel.com\/new\/wp-content\/uploads\/2017\/03\/Capture-d\u2019e\u0301cran-2017-03-09-a\u0300-11.10.41.png 1920w\" sizes=\"(max-width: 300px) 100vw, 300px\" \/>\u00a0<img loading=\"lazy\" decoding=\"async\" class=\"alignnone size-medium wp-image-1547\" src=\"http:\/\/www.festivisuel.com\/new\/wp-content\/uploads\/2017\/03\/Capture-d\u2019e\u0301cran-2017-03-09-a\u0300-11.02.57-300x169.png\" alt=\"Capture d\u2019e\u0301cran 2017-03-09 a\u0300 11.02.57\" width=\"300\" height=\"169\" srcset=\"https:\/\/www.festivisuel.com\/new\/wp-content\/uploads\/2017\/03\/Capture-d\u2019e\u0301cran-2017-03-09-a\u0300-11.02.57-300x169.png 300w, https:\/\/www.festivisuel.com\/new\/wp-content\/uploads\/2017\/03\/Capture-d\u2019e\u0301cran-2017-03-09-a\u0300-11.02.57-768x432.png 768w, https:\/\/www.festivisuel.com\/new\/wp-content\/uploads\/2017\/03\/Capture-d\u2019e\u0301cran-2017-03-09-a\u0300-11.02.57-1024x576.png 1024w, https:\/\/www.festivisuel.com\/new\/wp-content\/uploads\/2017\/03\/Capture-d\u2019e\u0301cran-2017-03-09-a\u0300-11.02.57-280x158.png 280w, https:\/\/www.festivisuel.com\/new\/wp-content\/uploads\/2017\/03\/Capture-d\u2019e\u0301cran-2017-03-09-a\u0300-11.02.57-1170x658.png 1170w, https:\/\/www.festivisuel.com\/new\/wp-content\/uploads\/2017\/03\/Capture-d\u2019e\u0301cran-2017-03-09-a\u0300-11.02.57.png 1920w\" sizes=\"(max-width: 300px) 100vw, 300px\" \/><\/p>\n","protected":false},"excerpt":{"rendered":"<p>Notre \u00e9quipe a travers\u00e9 la France pour assurer le streaming du Championnat de France d&rsquo;escalade de bloc Senior \u00e0 La Baconni\u00e8re (53), le week-end du 4-5 mars 2017. Une salle que nous connaissions bien puisque le Championnat de France de 2015 pour lequel nous \u00e9tions aussi mobilis\u00e9s avait eu lieu\u00a0ici-m\u00eame. Une captation \u00e0 7\u00a0cam\u00e9ras a<\/p>\n","protected":false},"author":1,"featured_media":1545,"comment_status":"closed","ping_status":"open","sticky":false,"template":"","format":"standard","meta":{"footnotes":""},"categories":[19],"tags":[],"class_list":["post-1543","post","type-post","status-publish","format-standard","has-post-thumbnail","hentry","category-actualites"],"aioseo_notices":[],"_links":{"self":[{"href":"https:\/\/www.festivisuel.com\/new\/wp-json\/wp\/v2\/posts\/1543","targetHints":{"allow":["GET"]}}],"collection":[{"href":"https:\/\/www.festivisuel.com\/new\/wp-json\/wp\/v2\/posts"}],"about":[{"href":"https:\/\/www.festivisuel.com\/new\/wp-json\/wp\/v2\/types\/post"}],"author":[{"embeddable":true,"href":"https:\/\/www.festivisuel.com\/new\/wp-json\/wp\/v2\/users\/1"}],"replies":[{"embeddable":true,"href":"https:\/\/www.festivisuel.com\/new\/wp-json\/wp\/v2\/comments?post=1543"}],"version-history":[{"count":3,"href":"https:\/\/www.festivisuel.com\/new\/wp-json\/wp\/v2\/posts\/1543\/revisions"}],"predecessor-version":[{"id":1552,"href":"https:\/\/www.festivisuel.com\/new\/wp-json\/wp\/v2\/posts\/1543\/revisions\/1552"}],"wp:featuredmedia":[{"embeddable":true,"href":"https:\/\/www.festivisuel.com\/new\/wp-json\/wp\/v2\/media\/1545"}],"wp:attachment":[{"href":"https:\/\/www.festivisuel.com\/new\/wp-json\/wp\/v2\/media?parent=1543"}],"wp:term":[{"taxonomy":"category","embeddable":true,"href":"https:\/\/www.festivisuel.com\/new\/wp-json\/wp\/v2\/categories?post=1543"},{"taxonomy":"post_tag","embeddable":true,"href":"https:\/\/www.festivisuel.com\/new\/wp-json\/wp\/v2\/tags?post=1543"}],"curies":[{"name":"wp","href":"https:\/\/api.w.org\/{rel}","templated":true}]}}