{"id":1478,"date":"2016-10-16T15:04:32","date_gmt":"2016-10-16T13:04:32","guid":{"rendered":"http:\/\/www.festivisuel.com\/new\/?p=1478"},"modified":"2016-11-22T15:41:42","modified_gmt":"2016-11-22T14:41:42","slug":"les-11e-mondiaux-descalade","status":"publish","type":"post","link":"https:\/\/www.festivisuel.com\/new\/les-11e-mondiaux-descalade\/","title":{"rendered":"Les 11e Mondiaux d&rsquo;Escalade"},"content":{"rendered":"<p>Notre \u00e9quipe \u00e9tait pr\u00e9sente au rendez-vous annuel du \u00ab\u00a0Mur Oloron\u00a0\u00bb, les 1er et 2 octobre \u00e0 Oloron-Sainte-Marie (64) pour la 11e \u00e9dition des 24 Heures du Mur. Cette ann\u00e9e encore\u00a0du beau monde avec un \u00e9chantillon des meilleurs grimpeurs mondiaux, encore frais\u00a0juste apr\u00e8s leur passage aux Championnats du Monde de Bercy 15 jours plus t\u00f4t.<br \/>\nEn plus du live diffus\u00e9 en streaming et sur \u00e9crans g\u00e9ants, nous avons propos\u00e9 cette ann\u00e9e une offre vid\u00e9o compl\u00e8te autour de ce week-end des plus festifs : montage du teaser de l&rsquo;\u00e9v\u00e8nement, r\u00e9alisation sur place d&rsquo;une vid\u00e9o r\u00e9sum\u00e9 des 24 heures (et \u00e9pic\u00e9e gr\u00e2ce \u00e0 la complicit\u00e9\u00a0de Christopher Hardy) avec une pr\u00e9sentation \u00ab\u00a0rythm\u00e9e\u00a0\u00bb des grimpeurs finalistes, des highlights et un r\u00e9sum\u00e9 des finales.<\/p>\n<p>&nbsp;<\/p>\n<p>&nbsp;<\/p>\n<p><img fetchpriority=\"high\" decoding=\"async\" class=\"alignnone size-medium wp-image-1480\" src=\"http:\/\/www.festivisuel.com\/new\/wp-content\/uploads\/2016\/11\/captureVLC-2016-11-22-15h12m07s444-300x169.png\" alt=\"capturevlc-2016-11-22-15h12m07s444\" width=\"300\" height=\"169\" srcset=\"https:\/\/www.festivisuel.com\/new\/wp-content\/uploads\/2016\/11\/captureVLC-2016-11-22-15h12m07s444-300x169.png 300w, https:\/\/www.festivisuel.com\/new\/wp-content\/uploads\/2016\/11\/captureVLC-2016-11-22-15h12m07s444-768x432.png 768w, https:\/\/www.festivisuel.com\/new\/wp-content\/uploads\/2016\/11\/captureVLC-2016-11-22-15h12m07s444-1024x576.png 1024w, https:\/\/www.festivisuel.com\/new\/wp-content\/uploads\/2016\/11\/captureVLC-2016-11-22-15h12m07s444-280x158.png 280w, https:\/\/www.festivisuel.com\/new\/wp-content\/uploads\/2016\/11\/captureVLC-2016-11-22-15h12m07s444-1170x658.png 1170w, https:\/\/www.festivisuel.com\/new\/wp-content\/uploads\/2016\/11\/captureVLC-2016-11-22-15h12m07s444.png 1920w\" sizes=\"(max-width: 300px) 100vw, 300px\" \/> <img decoding=\"async\" class=\"alignnone size-medium wp-image-1483\" src=\"http:\/\/www.festivisuel.com\/new\/wp-content\/uploads\/2016\/11\/captureVLC-2016-11-22-15h21m03s643-300x169.png\" alt=\"capturevlc-2016-11-22-15h21m03s643\" width=\"300\" height=\"169\" srcset=\"https:\/\/www.festivisuel.com\/new\/wp-content\/uploads\/2016\/11\/captureVLC-2016-11-22-15h21m03s643-300x169.png 300w, https:\/\/www.festivisuel.com\/new\/wp-content\/uploads\/2016\/11\/captureVLC-2016-11-22-15h21m03s643-768x432.png 768w, https:\/\/www.festivisuel.com\/new\/wp-content\/uploads\/2016\/11\/captureVLC-2016-11-22-15h21m03s643-1024x576.png 1024w, https:\/\/www.festivisuel.com\/new\/wp-content\/uploads\/2016\/11\/captureVLC-2016-11-22-15h21m03s643-280x158.png 280w, https:\/\/www.festivisuel.com\/new\/wp-content\/uploads\/2016\/11\/captureVLC-2016-11-22-15h21m03s643-1170x658.png 1170w, https:\/\/www.festivisuel.com\/new\/wp-content\/uploads\/2016\/11\/captureVLC-2016-11-22-15h21m03s643.png 1920w\" sizes=\"(max-width: 300px) 100vw, 300px\" \/><\/p>\n<p><img decoding=\"async\" class=\"alignnone size-medium wp-image-1482\" src=\"http:\/\/www.festivisuel.com\/new\/wp-content\/uploads\/2016\/11\/captureVLC-2016-11-22-15h18m39s854-300x169.png\" alt=\"capturevlc-2016-11-22-15h18m39s854\" width=\"300\" height=\"169\" srcset=\"https:\/\/www.festivisuel.com\/new\/wp-content\/uploads\/2016\/11\/captureVLC-2016-11-22-15h18m39s854-300x169.png 300w, https:\/\/www.festivisuel.com\/new\/wp-content\/uploads\/2016\/11\/captureVLC-2016-11-22-15h18m39s854-768x432.png 768w, https:\/\/www.festivisuel.com\/new\/wp-content\/uploads\/2016\/11\/captureVLC-2016-11-22-15h18m39s854-1024x576.png 1024w, https:\/\/www.festivisuel.com\/new\/wp-content\/uploads\/2016\/11\/captureVLC-2016-11-22-15h18m39s854-280x158.png 280w, https:\/\/www.festivisuel.com\/new\/wp-content\/uploads\/2016\/11\/captureVLC-2016-11-22-15h18m39s854-1170x658.png 1170w, https:\/\/www.festivisuel.com\/new\/wp-content\/uploads\/2016\/11\/captureVLC-2016-11-22-15h18m39s854.png 1920w\" sizes=\"(max-width: 300px) 100vw, 300px\" \/>\u00a0<img loading=\"lazy\" decoding=\"async\" class=\"alignnone size-medium wp-image-1481\" src=\"http:\/\/www.festivisuel.com\/new\/wp-content\/uploads\/2016\/11\/captureVLC-2016-11-22-15h17m42s155-300x169.png\" alt=\"capturevlc-2016-11-22-15h17m42s155\" width=\"300\" height=\"169\" srcset=\"https:\/\/www.festivisuel.com\/new\/wp-content\/uploads\/2016\/11\/captureVLC-2016-11-22-15h17m42s155-300x169.png 300w, https:\/\/www.festivisuel.com\/new\/wp-content\/uploads\/2016\/11\/captureVLC-2016-11-22-15h17m42s155-768x432.png 768w, https:\/\/www.festivisuel.com\/new\/wp-content\/uploads\/2016\/11\/captureVLC-2016-11-22-15h17m42s155-1024x576.png 1024w, https:\/\/www.festivisuel.com\/new\/wp-content\/uploads\/2016\/11\/captureVLC-2016-11-22-15h17m42s155-280x158.png 280w, https:\/\/www.festivisuel.com\/new\/wp-content\/uploads\/2016\/11\/captureVLC-2016-11-22-15h17m42s155-1170x658.png 1170w, https:\/\/www.festivisuel.com\/new\/wp-content\/uploads\/2016\/11\/captureVLC-2016-11-22-15h17m42s155.png 1920w\" sizes=\"(max-width: 300px) 100vw, 300px\" \/><a href=\"http:\/\/www.festivisuel.com\/new\/wp-content\/uploads\/2016\/11\/captureVLC-2016-11-22-15h17m42s155.png\">\u00a0<\/a><\/p>\n<p>&nbsp;<\/p>\n<p>&nbsp;<\/p>\n<p>&nbsp;<\/p>\n<p>Le sujet de lancement du live :<br \/>\n<iframe src=\"https:\/\/www.youtube.com\/embed\/F3uM3IQtF54\" width=\"560\" height=\"315\" frameborder=\"0\" allowfullscreen=\"allowfullscreen\"><\/iframe><\/p>\n<p>Le r\u00e9sum\u00e9 des finales :<br \/>\n<iframe src=\"https:\/\/www.youtube.com\/embed\/zR84pnBd_JY\" width=\"560\" height=\"315\" frameborder=\"0\" allowfullscreen=\"allowfullscreen\"><\/iframe><\/p>\n<p>&nbsp;<\/p>\n","protected":false},"excerpt":{"rendered":"<p>Notre \u00e9quipe \u00e9tait pr\u00e9sente au rendez-vous annuel du \u00ab\u00a0Mur Oloron\u00a0\u00bb, les 1er et 2 octobre \u00e0 Oloron-Sainte-Marie (64) pour la 11e \u00e9dition des 24 Heures du Mur. Cette ann\u00e9e encore\u00a0du beau monde avec un \u00e9chantillon des meilleurs grimpeurs mondiaux, encore frais\u00a0juste apr\u00e8s leur passage aux Championnats du Monde de Bercy 15 jours plus t\u00f4t. En<\/p>\n","protected":false},"author":1,"featured_media":1479,"comment_status":"closed","ping_status":"open","sticky":false,"template":"","format":"standard","meta":{"footnotes":""},"categories":[19],"tags":[],"class_list":["post-1478","post","type-post","status-publish","format-standard","has-post-thumbnail","hentry","category-actualites"],"aioseo_notices":[],"_links":{"self":[{"href":"https:\/\/www.festivisuel.com\/new\/wp-json\/wp\/v2\/posts\/1478","targetHints":{"allow":["GET"]}}],"collection":[{"href":"https:\/\/www.festivisuel.com\/new\/wp-json\/wp\/v2\/posts"}],"about":[{"href":"https:\/\/www.festivisuel.com\/new\/wp-json\/wp\/v2\/types\/post"}],"author":[{"embeddable":true,"href":"https:\/\/www.festivisuel.com\/new\/wp-json\/wp\/v2\/users\/1"}],"replies":[{"embeddable":true,"href":"https:\/\/www.festivisuel.com\/new\/wp-json\/wp\/v2\/comments?post=1478"}],"version-history":[{"count":9,"href":"https:\/\/www.festivisuel.com\/new\/wp-json\/wp\/v2\/posts\/1478\/revisions"}],"predecessor-version":[{"id":1492,"href":"https:\/\/www.festivisuel.com\/new\/wp-json\/wp\/v2\/posts\/1478\/revisions\/1492"}],"wp:featuredmedia":[{"embeddable":true,"href":"https:\/\/www.festivisuel.com\/new\/wp-json\/wp\/v2\/media\/1479"}],"wp:attachment":[{"href":"https:\/\/www.festivisuel.com\/new\/wp-json\/wp\/v2\/media?parent=1478"}],"wp:term":[{"taxonomy":"category","embeddable":true,"href":"https:\/\/www.festivisuel.com\/new\/wp-json\/wp\/v2\/categories?post=1478"},{"taxonomy":"post_tag","embeddable":true,"href":"https:\/\/www.festivisuel.com\/new\/wp-json\/wp\/v2\/tags?post=1478"}],"curies":[{"name":"wp","href":"https:\/\/api.w.org\/{rel}","templated":true}]}}