{"id":1368,"date":"2016-07-05T16:55:59","date_gmt":"2016-07-05T14:55:59","guid":{"rendered":"http:\/\/www.festivisuel.com\/new\/?p=1368"},"modified":"2016-08-11T17:06:16","modified_gmt":"2016-08-11T15:06:16","slug":"les-dragons-catalans-la-nuit-des-10-ans","status":"publish","type":"post","link":"https:\/\/www.festivisuel.com\/new\/les-dragons-catalans-la-nuit-des-10-ans\/","title":{"rendered":"Les Dragons Catalans &#8211; La nuit des 10 ans"},"content":{"rendered":"<p>C&rsquo;est au Palais des Expositions de Perpignan que la c\u00e9l\u00e8bre \u00e9quipe de rugby des Dragons Catalans a f\u00eat\u00e9 ses 10 ans. Au programme, d\u00eener spectacle pour plus de 2 000 personnes avec concert, diffusion de vid\u00e9os du club et r\u00e9v\u00e9lation des nouveaux joueurs. Pour cela, l&rsquo;\u00e9quipe de Festivisuel a d\u00e9ploy\u00e9 sa r\u00e9gie fly pour capter et diffuser\u00a0sur \u00e9crans les festivit\u00e9s.<\/p>\n<p>&nbsp;<\/p>\n<p>&nbsp;<\/p>\n<p>&nbsp;<\/p>\n<p>&nbsp;<\/p>\n<p>&nbsp;<\/p>\n<p><img decoding=\"async\" class=\"alignnone wp-image-1370 size-thumbnail\" src=\"http:\/\/www.festivisuel.com\/new\/wp-content\/uploads\/2016\/08\/IMG_2672-150x150.jpg\" alt=\"IMG_2672\" width=\"150\" height=\"150\" \/> <img decoding=\"async\" class=\"alignnone wp-image-1371 size-thumbnail\" src=\"http:\/\/www.festivisuel.com\/new\/wp-content\/uploads\/2016\/08\/IMG_2676-150x150.jpg\" alt=\"IMG_2676\" width=\"150\" height=\"150\" \/> <img decoding=\"async\" class=\"alignnone wp-image-1372 size-thumbnail\" src=\"http:\/\/www.festivisuel.com\/new\/wp-content\/uploads\/2016\/08\/IMG_2678-150x150.jpg\" alt=\"IMG_2678\" width=\"150\" height=\"150\" \/><\/p>\n","protected":false},"excerpt":{"rendered":"<p>C&rsquo;est au Palais des Expositions de Perpignan que la c\u00e9l\u00e8bre \u00e9quipe de rugby des Dragons Catalans a f\u00eat\u00e9 ses 10 ans. Au programme, d\u00eener spectacle pour plus de 2 000 personnes avec concert, diffusion de vid\u00e9os du club et r\u00e9v\u00e9lation des nouveaux joueurs. Pour cela, l&rsquo;\u00e9quipe de Festivisuel a d\u00e9ploy\u00e9 sa r\u00e9gie fly pour capter<\/p>\n","protected":false},"author":1,"featured_media":1369,"comment_status":"closed","ping_status":"open","sticky":false,"template":"","format":"standard","meta":{"footnotes":""},"categories":[19],"tags":[],"class_list":["post-1368","post","type-post","status-publish","format-standard","has-post-thumbnail","hentry","category-actualites"],"aioseo_notices":[],"_links":{"self":[{"href":"https:\/\/www.festivisuel.com\/new\/wp-json\/wp\/v2\/posts\/1368","targetHints":{"allow":["GET"]}}],"collection":[{"href":"https:\/\/www.festivisuel.com\/new\/wp-json\/wp\/v2\/posts"}],"about":[{"href":"https:\/\/www.festivisuel.com\/new\/wp-json\/wp\/v2\/types\/post"}],"author":[{"embeddable":true,"href":"https:\/\/www.festivisuel.com\/new\/wp-json\/wp\/v2\/users\/1"}],"replies":[{"embeddable":true,"href":"https:\/\/www.festivisuel.com\/new\/wp-json\/wp\/v2\/comments?post=1368"}],"version-history":[{"count":4,"href":"https:\/\/www.festivisuel.com\/new\/wp-json\/wp\/v2\/posts\/1368\/revisions"}],"predecessor-version":[{"id":1377,"href":"https:\/\/www.festivisuel.com\/new\/wp-json\/wp\/v2\/posts\/1368\/revisions\/1377"}],"wp:featuredmedia":[{"embeddable":true,"href":"https:\/\/www.festivisuel.com\/new\/wp-json\/wp\/v2\/media\/1369"}],"wp:attachment":[{"href":"https:\/\/www.festivisuel.com\/new\/wp-json\/wp\/v2\/media?parent=1368"}],"wp:term":[{"taxonomy":"category","embeddable":true,"href":"https:\/\/www.festivisuel.com\/new\/wp-json\/wp\/v2\/categories?post=1368"},{"taxonomy":"post_tag","embeddable":true,"href":"https:\/\/www.festivisuel.com\/new\/wp-json\/wp\/v2\/tags?post=1368"}],"curies":[{"name":"wp","href":"https:\/\/api.w.org\/{rel}","templated":true}]}}