{"id":1214,"date":"2015-07-04T17:05:21","date_gmt":"2015-07-04T15:05:21","guid":{"rendered":"http:\/\/www.festivisuel.com\/new\/?p=1214"},"modified":"2016-01-31T17:07:31","modified_gmt":"2016-01-31T16:07:31","slug":"alboanides-2015","status":"publish","type":"post","link":"https:\/\/www.festivisuel.com\/new\/alboanides-2015\/","title":{"rendered":"Alboanides 2015 &#8211; Biarritz"},"content":{"rendered":"<p>Cette ann\u00e9e, l\u2019association <strong>Alboan<\/strong> soutenait la cause de<strong> la Banque Alimentaire<\/strong>, en r\u00e9coltant des fonds par le biais de collectes, jeux et vente aux ench\u00e8res.<br \/>\nDe nombreuses activit\u00e9s -sportives, artistiques, de bien-\u00eatre\u2026- sur la plage de la Milady de Biarritz ont permis de mobiliser les donateurs, avec la pr\u00e9sence du kayakiste triple champion olympique, Tony Estanguet.<br \/>\nLes diff\u00e9rentes manifestations de cette journ\u00e9e ont \u00e9t\u00e9 film\u00e9es puis mont\u00e9es sur place afin d\u2019offrir un r\u00e9sum\u00e9 en images en ouverture de soir\u00e9e, au Casino Barri\u00e8re.<br \/>\nUn\u00a0d\u00e9fil\u00e9 de mode de cr\u00e9ateurs locaux est venu clore la soir\u00e9e festive, elle-m\u00eame int\u00e9gralement\u00a0capt\u00e9e \u00e0 3 cam\u00e9ras et diffus\u00e9e sur site en plus du streaming.<br \/>\nL\u2019ensemble de cet \u00e9v\u00e9nement a par la suite fait l\u2019objet d\u2019un after movie de\u00a06 minutes, retra\u00e7ant les temps forts de cette journ\u00e9e.<\/p>\n<h5><span style=\"color: #ff6600;\">R\u00e9alisation d\u2019un clip -sur place- de 3 min<\/span><br \/>\n<span style=\"color: #ff6600;\">R\u00e9alisation d\u2019un after movie de 6 min<\/span><br \/>\n<span style=\"color: #ff6600;\">Captation multicam\u00e9ra de la soir\u00e9e<\/span><br \/>\n<span style=\"color: #ff6600;\">Streaming<\/span><\/h5>\n<p>&nbsp;<\/p>\n<p>&nbsp;<\/p>\n<h3><span style=\"color: #ff6600;\">\u00a0La vid\u00e9o :<\/span><br \/>\n<iframe src=\"\/\/www.dailymotion.com\/embed\/video\/x30l1fq\" width=\"560\" height=\"315\" frameborder=\"0\" allowfullscreen=\"allowfullscreen\"><\/iframe><\/h3>\n<p>&nbsp;<\/p>\n","protected":false},"excerpt":{"rendered":"<p>Cette ann\u00e9e, l\u2019association Alboan soutenait la cause de la Banque Alimentaire, en r\u00e9coltant des fonds par le biais de collectes, jeux et vente aux ench\u00e8res. De nombreuses activit\u00e9s -sportives, artistiques, de bien-\u00eatre\u2026- sur la plage de la Milady de Biarritz ont permis de mobiliser les donateurs, avec la pr\u00e9sence du kayakiste triple champion olympique, Tony<\/p>\n","protected":false},"author":1,"featured_media":1215,"comment_status":"closed","ping_status":"open","sticky":false,"template":"","format":"standard","meta":{"footnotes":""},"categories":[19],"tags":[],"class_list":["post-1214","post","type-post","status-publish","format-standard","has-post-thumbnail","hentry","category-actualites"],"aioseo_notices":[],"_links":{"self":[{"href":"https:\/\/www.festivisuel.com\/new\/wp-json\/wp\/v2\/posts\/1214","targetHints":{"allow":["GET"]}}],"collection":[{"href":"https:\/\/www.festivisuel.com\/new\/wp-json\/wp\/v2\/posts"}],"about":[{"href":"https:\/\/www.festivisuel.com\/new\/wp-json\/wp\/v2\/types\/post"}],"author":[{"embeddable":true,"href":"https:\/\/www.festivisuel.com\/new\/wp-json\/wp\/v2\/users\/1"}],"replies":[{"embeddable":true,"href":"https:\/\/www.festivisuel.com\/new\/wp-json\/wp\/v2\/comments?post=1214"}],"version-history":[{"count":3,"href":"https:\/\/www.festivisuel.com\/new\/wp-json\/wp\/v2\/posts\/1214\/revisions"}],"predecessor-version":[{"id":1218,"href":"https:\/\/www.festivisuel.com\/new\/wp-json\/wp\/v2\/posts\/1214\/revisions\/1218"}],"wp:featuredmedia":[{"embeddable":true,"href":"https:\/\/www.festivisuel.com\/new\/wp-json\/wp\/v2\/media\/1215"}],"wp:attachment":[{"href":"https:\/\/www.festivisuel.com\/new\/wp-json\/wp\/v2\/media?parent=1214"}],"wp:term":[{"taxonomy":"category","embeddable":true,"href":"https:\/\/www.festivisuel.com\/new\/wp-json\/wp\/v2\/categories?post=1214"},{"taxonomy":"post_tag","embeddable":true,"href":"https:\/\/www.festivisuel.com\/new\/wp-json\/wp\/v2\/tags?post=1214"}],"curies":[{"name":"wp","href":"https:\/\/api.w.org\/{rel}","templated":true}]}}