{"id":1125,"date":"2015-09-13T22:49:22","date_gmt":"2015-09-13T20:49:22","guid":{"rendered":"http:\/\/www.festivisuel.com\/new\/?p=1125"},"modified":"2015-11-13T22:53:34","modified_gmt":"2015-11-13T21:53:34","slug":"faux-proces-du-loup-florac","status":"publish","type":"post","link":"https:\/\/www.festivisuel.com\/new\/faux-proces-du-loup-florac\/","title":{"rendered":"Faux proc\u00e8s du loup &#8211; Florac"},"content":{"rendered":"<p>A l\u2019occasion de la fermeture du tribunal de Florac, un \u00ab faux proc\u00e8s du loup \u00bb mais un vrai d\u00e9bat citoyen \u00e9tait organis\u00e9 sur le th\u00e8me de la r\u00e9introduction du loup dans les C\u00e9vennes.<br \/>\nFestivisuel a mis en oeuvre les moyens techniques de captation vid\u00e9o pour le compte de T\u00e9l\u00e9draille, \u00ab la t\u00e9l\u00e9 qu\u2019on ne regarde pas comme des moutons \u00bb.<br \/>\nLa r\u00e9gie vid\u00e9o mise en place comptait 5 cam\u00e9ras dont 3 tourelles avec liaison satellite, visant une large diffusion m\u00e9diatique. Ce programme a \u00e9t\u00e9 suivi en direct par plus de 30 000 personnes.<\/p>\n<h5>Captation \u00e0 5 cam\u00e9ras<br \/>\nRetransmission en streaming sur internet via satellite (diffusion web France 3 et TV SUD)<\/h5>\n","protected":false},"excerpt":{"rendered":"<p>A l\u2019occasion de la fermeture du tribunal de Florac, un \u00ab faux proc\u00e8s du loup \u00bb mais un vrai d\u00e9bat citoyen \u00e9tait organis\u00e9 sur le th\u00e8me de la r\u00e9introduction du loup dans les C\u00e9vennes. Festivisuel a mis en oeuvre les moyens techniques de captation vid\u00e9o pour le compte de T\u00e9l\u00e9draille, \u00ab la t\u00e9l\u00e9 qu\u2019on ne<\/p>\n","protected":false},"author":1,"featured_media":1126,"comment_status":"closed","ping_status":"open","sticky":false,"template":"","format":"standard","meta":{"footnotes":""},"categories":[19],"tags":[20,21,24],"class_list":["post-1125","post","type-post","status-publish","format-standard","has-post-thumbnail","hentry","category-actualites","tag-captation","tag-streaming","tag-satellite"],"aioseo_notices":[],"_links":{"self":[{"href":"https:\/\/www.festivisuel.com\/new\/wp-json\/wp\/v2\/posts\/1125","targetHints":{"allow":["GET"]}}],"collection":[{"href":"https:\/\/www.festivisuel.com\/new\/wp-json\/wp\/v2\/posts"}],"about":[{"href":"https:\/\/www.festivisuel.com\/new\/wp-json\/wp\/v2\/types\/post"}],"author":[{"embeddable":true,"href":"https:\/\/www.festivisuel.com\/new\/wp-json\/wp\/v2\/users\/1"}],"replies":[{"embeddable":true,"href":"https:\/\/www.festivisuel.com\/new\/wp-json\/wp\/v2\/comments?post=1125"}],"version-history":[{"count":5,"href":"https:\/\/www.festivisuel.com\/new\/wp-json\/wp\/v2\/posts\/1125\/revisions"}],"predecessor-version":[{"id":1131,"href":"https:\/\/www.festivisuel.com\/new\/wp-json\/wp\/v2\/posts\/1125\/revisions\/1131"}],"wp:featuredmedia":[{"embeddable":true,"href":"https:\/\/www.festivisuel.com\/new\/wp-json\/wp\/v2\/media\/1126"}],"wp:attachment":[{"href":"https:\/\/www.festivisuel.com\/new\/wp-json\/wp\/v2\/media?parent=1125"}],"wp:term":[{"taxonomy":"category","embeddable":true,"href":"https:\/\/www.festivisuel.com\/new\/wp-json\/wp\/v2\/categories?post=1125"},{"taxonomy":"post_tag","embeddable":true,"href":"https:\/\/www.festivisuel.com\/new\/wp-json\/wp\/v2\/tags?post=1125"}],"curies":[{"name":"wp","href":"https:\/\/api.w.org\/{rel}","templated":true}]}}