{"id":1101,"date":"2015-07-25T18:56:12","date_gmt":"2015-07-25T16:56:12","guid":{"rendered":"http:\/\/www.festivisuel.com\/new\/?p=1101"},"modified":"2015-11-13T19:46:21","modified_gmt":"2015-11-13T18:46:21","slug":"zebda-festival-de-rue-de-miremont","status":"publish","type":"post","link":"https:\/\/www.festivisuel.com\/new\/zebda-festival-de-rue-de-miremont\/","title":{"rendered":"Zebda &#8211; Festival de rue de Miremont"},"content":{"rendered":"<p>Festivisuel a \u00e9t\u00e9 sollicit\u00e9 par le Festival de Rue de Miremont pour capter le concert du groupe Zebda. Pour cette 10e \u00e9dition, le comit\u00e9 d\u2019organisation de ce festival familial a vu les choses en grand, invitant le mythique groupe toulousain \u00e0 venir cl\u00f4turer ce week-end festif sur la place du village. Une r\u00e9gie vid\u00e9o \u00e0 5 cam\u00e9ras a \u00e9t\u00e9 d\u00e9ploy\u00e9e afin de retransmettre le programme en simultan\u00e9 sur deux \u00e9crans g\u00e9ants.<\/p>\n","protected":false},"excerpt":{"rendered":"<p>Festivisuel a \u00e9t\u00e9 sollicit\u00e9 par le Festival de Rue de Miremont pour capter le concert du groupe Zebda. Pour cette 10e \u00e9dition, le comit\u00e9 d\u2019organisation de ce festival familial a vu les choses en grand, invitant le mythique groupe toulousain \u00e0 venir cl\u00f4turer ce week-end festif sur la place du village. Une r\u00e9gie vid\u00e9o \u00e0<\/p>\n","protected":false},"author":1,"featured_media":1109,"comment_status":"closed","ping_status":"open","sticky":false,"template":"","format":"standard","meta":{"footnotes":""},"categories":[19],"tags":[20,27],"class_list":["post-1101","post","type-post","status-publish","format-standard","has-post-thumbnail","hentry","category-actualites","tag-captation","tag-projection"],"aioseo_notices":[],"_links":{"self":[{"href":"https:\/\/www.festivisuel.com\/new\/wp-json\/wp\/v2\/posts\/1101","targetHints":{"allow":["GET"]}}],"collection":[{"href":"https:\/\/www.festivisuel.com\/new\/wp-json\/wp\/v2\/posts"}],"about":[{"href":"https:\/\/www.festivisuel.com\/new\/wp-json\/wp\/v2\/types\/post"}],"author":[{"embeddable":true,"href":"https:\/\/www.festivisuel.com\/new\/wp-json\/wp\/v2\/users\/1"}],"replies":[{"embeddable":true,"href":"https:\/\/www.festivisuel.com\/new\/wp-json\/wp\/v2\/comments?post=1101"}],"version-history":[{"count":1,"href":"https:\/\/www.festivisuel.com\/new\/wp-json\/wp\/v2\/posts\/1101\/revisions"}],"predecessor-version":[{"id":1102,"href":"https:\/\/www.festivisuel.com\/new\/wp-json\/wp\/v2\/posts\/1101\/revisions\/1102"}],"wp:featuredmedia":[{"embeddable":true,"href":"https:\/\/www.festivisuel.com\/new\/wp-json\/wp\/v2\/media\/1109"}],"wp:attachment":[{"href":"https:\/\/www.festivisuel.com\/new\/wp-json\/wp\/v2\/media?parent=1101"}],"wp:term":[{"taxonomy":"category","embeddable":true,"href":"https:\/\/www.festivisuel.com\/new\/wp-json\/wp\/v2\/categories?post=1101"},{"taxonomy":"post_tag","embeddable":true,"href":"https:\/\/www.festivisuel.com\/new\/wp-json\/wp\/v2\/tags?post=1101"}],"curies":[{"name":"wp","href":"https:\/\/api.w.org\/{rel}","templated":true}]}}